{"id":1,"date":"2019-07-16T19:51:43","date_gmt":"2019-07-16T17:51:43","guid":{"rendered":"http:\/\/3c634affzx.preview.infomaniak.website\/?p=1"},"modified":"2019-07-25T08:15:42","modified_gmt":"2019-07-25T06:15:42","slug":"domaine","status":"publish","type":"post","link":"https:\/\/camiliengaille.ch\/de\/domaine\/","title":{"rendered":"Notre Domaine"},"content":{"rendered":"<p>Im Herzen der Appellation \u201eBonvillars\u201c verteilen sich unsere 8,5 Hektar Weinberge auf die Gemeinden Onnens, Corcelles, Concise und Grandson, und der Keller befindet sich in Onnens, am Fu\u00df des H\u00fcgels Cr\u00eat de Chaux.<\/p>\n\n\n\n<p>Petite\nentreprise de vigneron-encaveur, nous r\u00e9alisons tout le travail menant de la\nvigne au vin&nbsp;!<\/p>","protected":false},"excerpt":{"rendered":"<p>Au c\u0153ur de l\u2019appelation \u00ab&nbsp;Bonvillars&nbsp;\u00bb, &nbsp;nos 8.5 hectares de vignes se r\u00e9partissent sur les communes d\u2019Onnens, Corcelles, Concise et Grandson&nbsp;et la cave se trouve \u00e0 Onnens, au pied de la colline du Cr\u00eat de Chaux. Petite entreprise de vigneron-encaveur, nous &hellip; <\/p>\n<div class=\"read-more\"><a href=\"https:\/\/camiliengaille.ch\/de\/domaine\/\" class=\"more-link\">Read More<\/a><\/div>","protected":false},"author":1,"featured_media":0,"comment_status":"closed","ping_status":"closed","sticky":true,"template":"","format":"standard","meta":{"footnotes":""},"categories":[1],"tags":[],"class_list":["post-1","post","type-post","status-publish","format-standard","hentry","category-non-classe","entry"],"yoast_head":"<!-- This site is optimized with the Yoast SEO plugin v20.1 - https:\/\/yoast.com\/wordpress\/plugins\/seo\/ -->\n<title>Notre Domaine -<\/title>\n<meta name=\"robots\" content=\"index, follow, max-snippet:-1, max-image-preview:large, max-video-preview:-1\" \/>\n<link rel=\"canonical\" href=\"https:\/\/camiliengaille.ch\/de\/domaine\/\" \/>\n<meta property=\"og:locale\" content=\"de_DE\" \/>\n<meta property=\"og:type\" content=\"article\" \/>\n<meta property=\"og:title\" content=\"Notre Domaine -\" \/>\n<meta property=\"og:description\" content=\"Au c\u0153ur de l\u2019appelation \u00ab&nbsp;Bonvillars&nbsp;\u00bb, &nbsp;nos 8.5 hectares de vignes se r\u00e9partissent sur les communes d\u2019Onnens, Corcelles, Concise et Grandson&nbsp;et la cave se trouve \u00e0 Onnens, au pied de la colline du Cr\u00eat de Chaux. Petite entreprise de vigneron-encaveur, nous &hellip; Read More\" \/>\n<meta property=\"og:url\" content=\"https:\/\/camiliengaille.ch\/de\/domaine\/\" \/>\n<meta property=\"article:published_time\" content=\"2019-07-16T17:51:43+00:00\" \/>\n<meta property=\"article:modified_time\" content=\"2019-07-25T06:15:42+00:00\" \/>\n<meta name=\"author\" content=\"acbeda4\" \/>\n<meta name=\"twitter:card\" content=\"summary_large_image\" \/>\n<meta name=\"twitter:label1\" content=\"Geschrieben von\" \/>\n\t<meta name=\"twitter:data1\" content=\"acbeda4\" \/>\n<script type=\"application\/ld+json\" class=\"yoast-schema-graph\">{\"@context\":\"https:\/\/schema.org\",\"@graph\":[{\"@type\":\"WebPage\",\"@id\":\"https:\/\/camiliengaille.ch\/domaine\/\",\"url\":\"https:\/\/camiliengaille.ch\/domaine\/\",\"name\":\"Notre Domaine -\",\"isPartOf\":{\"@id\":\"https:\/\/camiliengaille.ch\/#website\"},\"datePublished\":\"2019-07-16T17:51:43+00:00\",\"dateModified\":\"2019-07-25T06:15:42+00:00\",\"author\":{\"@id\":\"https:\/\/camiliengaille.ch\/#\/schema\/person\/d582e6d76a035c0096703f8561cd43f8\"},\"breadcrumb\":{\"@id\":\"https:\/\/camiliengaille.ch\/domaine\/#breadcrumb\"},\"inLanguage\":\"de\",\"potentialAction\":[{\"@type\":\"ReadAction\",\"target\":[\"https:\/\/camiliengaille.ch\/domaine\/\"]}]},{\"@type\":\"BreadcrumbList\",\"@id\":\"https:\/\/camiliengaille.ch\/domaine\/#breadcrumb\",\"itemListElement\":[{\"@type\":\"ListItem\",\"position\":1,\"name\":\"Accueil\",\"item\":\"https:\/\/camiliengaille.ch\/\"},{\"@type\":\"ListItem\",\"position\":2,\"name\":\"Notre Domaine\"}]},{\"@type\":\"WebSite\",\"@id\":\"https:\/\/camiliengaille.ch\/#website\",\"url\":\"https:\/\/camiliengaille.ch\/\",\"name\":\"\",\"description\":\"\",\"potentialAction\":[{\"@type\":\"SearchAction\",\"target\":{\"@type\":\"EntryPoint\",\"urlTemplate\":\"https:\/\/camiliengaille.ch\/?s={search_term_string}\"},\"query-input\":\"required name=search_term_string\"}],\"inLanguage\":\"de\"},{\"@type\":\"Person\",\"@id\":\"https:\/\/camiliengaille.ch\/#\/schema\/person\/d582e6d76a035c0096703f8561cd43f8\",\"name\":\"acbeda4\",\"image\":{\"@type\":\"ImageObject\",\"inLanguage\":\"de\",\"@id\":\"https:\/\/camiliengaille.ch\/#\/schema\/person\/image\/\",\"url\":\"https:\/\/secure.gravatar.com\/avatar\/6afe7dd95bdc7825225d3f8e860eadc5?s=96&d=mm&r=g\",\"contentUrl\":\"https:\/\/secure.gravatar.com\/avatar\/6afe7dd95bdc7825225d3f8e860eadc5?s=96&d=mm&r=g\",\"caption\":\"acbeda4\"},\"url\":\"https:\/\/camiliengaille.ch\/de\/author\/acbeda4\/\"}]}<\/script>\n<!-- \/ Yoast SEO plugin. -->","yoast_head_json":{"title":"Notre Domaine -","robots":{"index":"index","follow":"follow","max-snippet":"max-snippet:-1","max-image-preview":"max-image-preview:large","max-video-preview":"max-video-preview:-1"},"canonical":"https:\/\/camiliengaille.ch\/de\/domaine\/","og_locale":"de_DE","og_type":"article","og_title":"Notre Domaine -","og_description":"Au c\u0153ur de l\u2019appelation \u00ab&nbsp;Bonvillars&nbsp;\u00bb, &nbsp;nos 8.5 hectares de vignes se r\u00e9partissent sur les communes d\u2019Onnens, Corcelles, Concise et Grandson&nbsp;et la cave se trouve \u00e0 Onnens, au pied de la colline du Cr\u00eat de Chaux. Petite entreprise de vigneron-encaveur, nous &hellip; Read More","og_url":"https:\/\/camiliengaille.ch\/de\/domaine\/","article_published_time":"2019-07-16T17:51:43+00:00","article_modified_time":"2019-07-25T06:15:42+00:00","author":"acbeda4","twitter_card":"summary_large_image","twitter_misc":{"Geschrieben von":"acbeda4"},"schema":{"@context":"https:\/\/schema.org","@graph":[{"@type":"WebPage","@id":"https:\/\/camiliengaille.ch\/domaine\/","url":"https:\/\/camiliengaille.ch\/domaine\/","name":"Notre Domaine -","isPartOf":{"@id":"https:\/\/camiliengaille.ch\/#website"},"datePublished":"2019-07-16T17:51:43+00:00","dateModified":"2019-07-25T06:15:42+00:00","author":{"@id":"https:\/\/camiliengaille.ch\/#\/schema\/person\/d582e6d76a035c0096703f8561cd43f8"},"breadcrumb":{"@id":"https:\/\/camiliengaille.ch\/domaine\/#breadcrumb"},"inLanguage":"de","potentialAction":[{"@type":"ReadAction","target":["https:\/\/camiliengaille.ch\/domaine\/"]}]},{"@type":"BreadcrumbList","@id":"https:\/\/camiliengaille.ch\/domaine\/#breadcrumb","itemListElement":[{"@type":"ListItem","position":1,"name":"Accueil","item":"https:\/\/camiliengaille.ch\/"},{"@type":"ListItem","position":2,"name":"Notre Domaine"}]},{"@type":"WebSite","@id":"https:\/\/camiliengaille.ch\/#website","url":"https:\/\/camiliengaille.ch\/","name":"","description":"","potentialAction":[{"@type":"SearchAction","target":{"@type":"EntryPoint","urlTemplate":"https:\/\/camiliengaille.ch\/?s={search_term_string}"},"query-input":"required name=search_term_string"}],"inLanguage":"de"},{"@type":"Person","@id":"https:\/\/camiliengaille.ch\/#\/schema\/person\/d582e6d76a035c0096703f8561cd43f8","name":"acbeda4","image":{"@type":"ImageObject","inLanguage":"de","@id":"https:\/\/camiliengaille.ch\/#\/schema\/person\/image\/","url":"https:\/\/secure.gravatar.com\/avatar\/6afe7dd95bdc7825225d3f8e860eadc5?s=96&d=mm&r=g","contentUrl":"https:\/\/secure.gravatar.com\/avatar\/6afe7dd95bdc7825225d3f8e860eadc5?s=96&d=mm&r=g","caption":"acbeda4"},"url":"https:\/\/camiliengaille.ch\/de\/author\/acbeda4\/"}]}},"_links":{"self":[{"href":"https:\/\/camiliengaille.ch\/de\/wp-json\/wp\/v2\/posts\/1","targetHints":{"allow":["GET"]}}],"collection":[{"href":"https:\/\/camiliengaille.ch\/de\/wp-json\/wp\/v2\/posts"}],"about":[{"href":"https:\/\/camiliengaille.ch\/de\/wp-json\/wp\/v2\/types\/post"}],"author":[{"embeddable":true,"href":"https:\/\/camiliengaille.ch\/de\/wp-json\/wp\/v2\/users\/1"}],"replies":[{"embeddable":true,"href":"https:\/\/camiliengaille.ch\/de\/wp-json\/wp\/v2\/comments?post=1"}],"version-history":[{"count":4,"href":"https:\/\/camiliengaille.ch\/de\/wp-json\/wp\/v2\/posts\/1\/revisions"}],"predecessor-version":[{"id":64,"href":"https:\/\/camiliengaille.ch\/de\/wp-json\/wp\/v2\/posts\/1\/revisions\/64"}],"wp:attachment":[{"href":"https:\/\/camiliengaille.ch\/de\/wp-json\/wp\/v2\/media?parent=1"}],"wp:term":[{"taxonomy":"category","embeddable":true,"href":"https:\/\/camiliengaille.ch\/de\/wp-json\/wp\/v2\/categories?post=1"},{"taxonomy":"post_tag","embeddable":true,"href":"https:\/\/camiliengaille.ch\/de\/wp-json\/wp\/v2\/tags?post=1"}],"curies":[{"name":"wp","href":"https:\/\/api.w.org\/{rel}","templated":true}]}}