{"id":123,"date":"2019-07-31T17:40:37","date_gmt":"2019-07-31T15:40:37","guid":{"rendered":"http:\/\/3c634affzx.preview.infomaniak.website\/?p=123"},"modified":"2019-07-31T17:40:37","modified_gmt":"2019-07-31T15:40:37","slug":"oeil-de-perdrix","status":"publish","type":"post","link":"https:\/\/camiliengaille.ch\/de\/oeil-de-perdrix\/","title":{"rendered":"Oeil-de-Perdrix"},"content":{"rendered":"<p>Ce ros\u00e9 de pinot noir se caract\u00e9rise par un bouquet de fruits\nrouges m\u00fbrs. Avec sa robe saumon\u00e9e, sa richesse, sa finesse et ses ar\u00f4mes de\npinot noir, il convient parfaitement pour les ap\u00e9ritifs, les grillades ainsi\nque les mets de poisson<\/p>","protected":false},"excerpt":{"rendered":"<p>Ce ros\u00e9 de pinot noir se caract\u00e9rise par un bouquet de fruits rouges m\u00fbrs. Avec sa robe saumon\u00e9e, sa richesse, sa finesse et ses ar\u00f4mes de pinot noir, il convient parfaitement pour les ap\u00e9ritifs, les grillades ainsi que les mets &hellip; <\/p>\n<div class=\"read-more\"><a href=\"https:\/\/camiliengaille.ch\/de\/oeil-de-perdrix\/\" class=\"more-link\">Read More<\/a><\/div>","protected":false},"author":3,"featured_media":132,"comment_status":"closed","ping_status":"closed","sticky":false,"template":"","format":"standard","meta":{"footnotes":""},"categories":[1],"tags":[],"class_list":["post-123","post","type-post","status-publish","format-standard","has-post-thumbnail","hentry","category-non-classe","entry"],"yoast_head":"<!-- This site is optimized with the Yoast SEO plugin v20.1 - https:\/\/yoast.com\/wordpress\/plugins\/seo\/ -->\n<title>Oeil-de-Perdrix -<\/title>\n<meta name=\"robots\" content=\"index, follow, max-snippet:-1, max-image-preview:large, max-video-preview:-1\" \/>\n<link rel=\"canonical\" href=\"https:\/\/camiliengaille.ch\/de\/oeil-de-perdrix\/\" \/>\n<meta property=\"og:locale\" content=\"de_DE\" \/>\n<meta property=\"og:type\" content=\"article\" \/>\n<meta property=\"og:title\" content=\"Oeil-de-Perdrix -\" \/>\n<meta property=\"og:description\" content=\"Ce ros\u00e9 de pinot noir se caract\u00e9rise par un bouquet de fruits rouges m\u00fbrs. Avec sa robe saumon\u00e9e, sa richesse, sa finesse et ses ar\u00f4mes de pinot noir, il convient parfaitement pour les ap\u00e9ritifs, les grillades ainsi que les mets &hellip; Read More\" \/>\n<meta property=\"og:url\" content=\"https:\/\/camiliengaille.ch\/de\/oeil-de-perdrix\/\" \/>\n<meta property=\"article:published_time\" content=\"2019-07-31T15:40:37+00:00\" \/>\n<meta property=\"og:image\" content=\"https:\/\/camiliengaille.ch\/wp-content\/uploads\/2019\/07\/Oeil-de-perdrix-e1564738718916.jpg\" \/>\n\t<meta property=\"og:image:width\" content=\"200\" \/>\n\t<meta property=\"og:image:height\" content=\"468\" \/>\n\t<meta property=\"og:image:type\" content=\"image\/jpeg\" \/>\n<meta name=\"author\" content=\"Elise Gaille\" \/>\n<meta name=\"twitter:card\" content=\"summary_large_image\" \/>\n<meta name=\"twitter:label1\" content=\"Geschrieben von\" \/>\n\t<meta name=\"twitter:data1\" content=\"Elise Gaille\" \/>\n<script type=\"application\/ld+json\" class=\"yoast-schema-graph\">{\"@context\":\"https:\/\/schema.org\",\"@graph\":[{\"@type\":\"WebPage\",\"@id\":\"https:\/\/camiliengaille.ch\/oeil-de-perdrix\/\",\"url\":\"https:\/\/camiliengaille.ch\/oeil-de-perdrix\/\",\"name\":\"Oeil-de-Perdrix -\",\"isPartOf\":{\"@id\":\"https:\/\/camiliengaille.ch\/#website\"},\"datePublished\":\"2019-07-31T15:40:37+00:00\",\"dateModified\":\"2019-07-31T15:40:37+00:00\",\"author\":{\"@id\":\"https:\/\/camiliengaille.ch\/#\/schema\/person\/77e7cadb95de40f82ee929b44b409b9d\"},\"breadcrumb\":{\"@id\":\"https:\/\/camiliengaille.ch\/oeil-de-perdrix\/#breadcrumb\"},\"inLanguage\":\"de\",\"potentialAction\":[{\"@type\":\"ReadAction\",\"target\":[\"https:\/\/camiliengaille.ch\/oeil-de-perdrix\/\"]}]},{\"@type\":\"BreadcrumbList\",\"@id\":\"https:\/\/camiliengaille.ch\/oeil-de-perdrix\/#breadcrumb\",\"itemListElement\":[{\"@type\":\"ListItem\",\"position\":1,\"name\":\"Accueil\",\"item\":\"https:\/\/camiliengaille.ch\/\"},{\"@type\":\"ListItem\",\"position\":2,\"name\":\"Oeil-de-Perdrix\"}]},{\"@type\":\"WebSite\",\"@id\":\"https:\/\/camiliengaille.ch\/#website\",\"url\":\"https:\/\/camiliengaille.ch\/\",\"name\":\"\",\"description\":\"\",\"potentialAction\":[{\"@type\":\"SearchAction\",\"target\":{\"@type\":\"EntryPoint\",\"urlTemplate\":\"https:\/\/camiliengaille.ch\/?s={search_term_string}\"},\"query-input\":\"required name=search_term_string\"}],\"inLanguage\":\"de\"},{\"@type\":\"Person\",\"@id\":\"https:\/\/camiliengaille.ch\/#\/schema\/person\/77e7cadb95de40f82ee929b44b409b9d\",\"name\":\"Elise Gaille\",\"image\":{\"@type\":\"ImageObject\",\"inLanguage\":\"de\",\"@id\":\"https:\/\/camiliengaille.ch\/#\/schema\/person\/image\/\",\"url\":\"https:\/\/secure.gravatar.com\/avatar\/9edbf7301d0ba3a02afd784fecf8a4f8?s=96&d=mm&r=g\",\"contentUrl\":\"https:\/\/secure.gravatar.com\/avatar\/9edbf7301d0ba3a02afd784fecf8a4f8?s=96&d=mm&r=g\",\"caption\":\"Elise Gaille\"},\"url\":\"https:\/\/camiliengaille.ch\/de\/author\/elise\/\"}]}<\/script>\n<!-- \/ Yoast SEO plugin. -->","yoast_head_json":{"title":"Oeil-de-Perdrix -","robots":{"index":"index","follow":"follow","max-snippet":"max-snippet:-1","max-image-preview":"max-image-preview:large","max-video-preview":"max-video-preview:-1"},"canonical":"https:\/\/camiliengaille.ch\/de\/oeil-de-perdrix\/","og_locale":"de_DE","og_type":"article","og_title":"Oeil-de-Perdrix -","og_description":"Ce ros\u00e9 de pinot noir se caract\u00e9rise par un bouquet de fruits rouges m\u00fbrs. Avec sa robe saumon\u00e9e, sa richesse, sa finesse et ses ar\u00f4mes de pinot noir, il convient parfaitement pour les ap\u00e9ritifs, les grillades ainsi que les mets &hellip; Read More","og_url":"https:\/\/camiliengaille.ch\/de\/oeil-de-perdrix\/","article_published_time":"2019-07-31T15:40:37+00:00","og_image":[{"width":200,"height":468,"url":"https:\/\/camiliengaille.ch\/wp-content\/uploads\/2019\/07\/Oeil-de-perdrix-e1564738718916.jpg","type":"image\/jpeg"}],"author":"Elise Gaille","twitter_card":"summary_large_image","twitter_misc":{"Geschrieben von":"Elise Gaille"},"schema":{"@context":"https:\/\/schema.org","@graph":[{"@type":"WebPage","@id":"https:\/\/camiliengaille.ch\/oeil-de-perdrix\/","url":"https:\/\/camiliengaille.ch\/oeil-de-perdrix\/","name":"Oeil-de-Perdrix -","isPartOf":{"@id":"https:\/\/camiliengaille.ch\/#website"},"datePublished":"2019-07-31T15:40:37+00:00","dateModified":"2019-07-31T15:40:37+00:00","author":{"@id":"https:\/\/camiliengaille.ch\/#\/schema\/person\/77e7cadb95de40f82ee929b44b409b9d"},"breadcrumb":{"@id":"https:\/\/camiliengaille.ch\/oeil-de-perdrix\/#breadcrumb"},"inLanguage":"de","potentialAction":[{"@type":"ReadAction","target":["https:\/\/camiliengaille.ch\/oeil-de-perdrix\/"]}]},{"@type":"BreadcrumbList","@id":"https:\/\/camiliengaille.ch\/oeil-de-perdrix\/#breadcrumb","itemListElement":[{"@type":"ListItem","position":1,"name":"Accueil","item":"https:\/\/camiliengaille.ch\/"},{"@type":"ListItem","position":2,"name":"Oeil-de-Perdrix"}]},{"@type":"WebSite","@id":"https:\/\/camiliengaille.ch\/#website","url":"https:\/\/camiliengaille.ch\/","name":"","description":"","potentialAction":[{"@type":"SearchAction","target":{"@type":"EntryPoint","urlTemplate":"https:\/\/camiliengaille.ch\/?s={search_term_string}"},"query-input":"required name=search_term_string"}],"inLanguage":"de"},{"@type":"Person","@id":"https:\/\/camiliengaille.ch\/#\/schema\/person\/77e7cadb95de40f82ee929b44b409b9d","name":"Elise Gaille","image":{"@type":"ImageObject","inLanguage":"de","@id":"https:\/\/camiliengaille.ch\/#\/schema\/person\/image\/","url":"https:\/\/secure.gravatar.com\/avatar\/9edbf7301d0ba3a02afd784fecf8a4f8?s=96&d=mm&r=g","contentUrl":"https:\/\/secure.gravatar.com\/avatar\/9edbf7301d0ba3a02afd784fecf8a4f8?s=96&d=mm&r=g","caption":"Elise Gaille"},"url":"https:\/\/camiliengaille.ch\/de\/author\/elise\/"}]}},"_links":{"self":[{"href":"https:\/\/camiliengaille.ch\/de\/wp-json\/wp\/v2\/posts\/123","targetHints":{"allow":["GET"]}}],"collection":[{"href":"https:\/\/camiliengaille.ch\/de\/wp-json\/wp\/v2\/posts"}],"about":[{"href":"https:\/\/camiliengaille.ch\/de\/wp-json\/wp\/v2\/types\/post"}],"author":[{"embeddable":true,"href":"https:\/\/camiliengaille.ch\/de\/wp-json\/wp\/v2\/users\/3"}],"replies":[{"embeddable":true,"href":"https:\/\/camiliengaille.ch\/de\/wp-json\/wp\/v2\/comments?post=123"}],"version-history":[{"count":1,"href":"https:\/\/camiliengaille.ch\/de\/wp-json\/wp\/v2\/posts\/123\/revisions"}],"predecessor-version":[{"id":138,"href":"https:\/\/camiliengaille.ch\/de\/wp-json\/wp\/v2\/posts\/123\/revisions\/138"}],"wp:featuredmedia":[{"embeddable":true,"href":"https:\/\/camiliengaille.ch\/de\/wp-json\/wp\/v2\/media\/132"}],"wp:attachment":[{"href":"https:\/\/camiliengaille.ch\/de\/wp-json\/wp\/v2\/media?parent=123"}],"wp:term":[{"taxonomy":"category","embeddable":true,"href":"https:\/\/camiliengaille.ch\/de\/wp-json\/wp\/v2\/categories?post=123"},{"taxonomy":"post_tag","embeddable":true,"href":"https:\/\/camiliengaille.ch\/de\/wp-json\/wp\/v2\/tags?post=123"}],"curies":[{"name":"wp","href":"https:\/\/api.w.org\/{rel}","templated":true}]}}