{"id":144,"date":"2019-08-11T15:52:05","date_gmt":"2019-08-11T13:52:05","guid":{"rendered":"http:\/\/3c634affzx.preview.infomaniak.website\/?p=144"},"modified":"2019-08-11T15:52:05","modified_gmt":"2019-08-11T13:52:05","slug":"le-temeraire-2","status":"publish","type":"post","link":"https:\/\/camiliengaille.ch\/de\/le-temeraire-2\/","title":{"rendered":"Le T\u00e9m\u00e9raire"},"content":{"rendered":"<p>Issus d&rsquo;un assemblage de c\u00e9pages nobles (pinot noir et gamay), se rouge l\u00e9ger pr\u00e9sente une belle transparence et des ar\u00f4mes de fruits rouges. Il se marie parfaitement avec tous les mets, de l&rsquo;entr\u00e9e au dessert. Il est \u00e9galement agr\u00e9able en ap\u00e9ritif.<\/p>","protected":false},"excerpt":{"rendered":"<p>Issus d&rsquo;un assemblage de c\u00e9pages nobles (pinot noir et gamay), se rouge l\u00e9ger pr\u00e9sente une belle transparence et des ar\u00f4mes de fruits rouges. Il se marie parfaitement avec tous les mets, de l&rsquo;entr\u00e9e au dessert. Il est \u00e9galement agr\u00e9able en &hellip; <\/p>\n<div class=\"read-more\"><a href=\"https:\/\/camiliengaille.ch\/de\/le-temeraire-2\/\" class=\"more-link\">Read More<\/a><\/div>","protected":false},"author":3,"featured_media":0,"comment_status":"closed","ping_status":"closed","sticky":false,"template":"","format":"standard","meta":{"footnotes":""},"categories":[1],"tags":[],"class_list":["post-144","post","type-post","status-publish","format-standard","hentry","category-non-classe","entry"],"yoast_head":"<!-- This site is optimized with the Yoast SEO plugin v20.1 - https:\/\/yoast.com\/wordpress\/plugins\/seo\/ -->\n<title>Le T\u00e9m\u00e9raire -<\/title>\n<meta name=\"robots\" content=\"index, follow, max-snippet:-1, max-image-preview:large, max-video-preview:-1\" \/>\n<link rel=\"canonical\" href=\"https:\/\/camiliengaille.ch\/de\/le-temeraire-2\/\" \/>\n<meta property=\"og:locale\" content=\"de_DE\" \/>\n<meta property=\"og:type\" content=\"article\" \/>\n<meta property=\"og:title\" content=\"Le T\u00e9m\u00e9raire -\" \/>\n<meta property=\"og:description\" content=\"Issus d&rsquo;un assemblage de c\u00e9pages nobles (pinot noir et gamay), se rouge l\u00e9ger pr\u00e9sente une belle transparence et des ar\u00f4mes de fruits rouges. Il se marie parfaitement avec tous les mets, de l&rsquo;entr\u00e9e au dessert. Il est \u00e9galement agr\u00e9able en &hellip; Read More\" \/>\n<meta property=\"og:url\" content=\"https:\/\/camiliengaille.ch\/de\/le-temeraire-2\/\" \/>\n<meta property=\"article:published_time\" content=\"2019-08-11T13:52:05+00:00\" \/>\n<meta name=\"author\" content=\"Elise Gaille\" \/>\n<meta name=\"twitter:card\" content=\"summary_large_image\" \/>\n<meta name=\"twitter:label1\" content=\"Geschrieben von\" \/>\n\t<meta name=\"twitter:data1\" content=\"Elise Gaille\" \/>\n<script type=\"application\/ld+json\" class=\"yoast-schema-graph\">{\"@context\":\"https:\/\/schema.org\",\"@graph\":[{\"@type\":\"WebPage\",\"@id\":\"https:\/\/camiliengaille.ch\/le-temeraire-2\/\",\"url\":\"https:\/\/camiliengaille.ch\/le-temeraire-2\/\",\"name\":\"Le T\u00e9m\u00e9raire -\",\"isPartOf\":{\"@id\":\"https:\/\/camiliengaille.ch\/#website\"},\"datePublished\":\"2019-08-11T13:52:05+00:00\",\"dateModified\":\"2019-08-11T13:52:05+00:00\",\"author\":{\"@id\":\"https:\/\/camiliengaille.ch\/#\/schema\/person\/77e7cadb95de40f82ee929b44b409b9d\"},\"breadcrumb\":{\"@id\":\"https:\/\/camiliengaille.ch\/le-temeraire-2\/#breadcrumb\"},\"inLanguage\":\"de\",\"potentialAction\":[{\"@type\":\"ReadAction\",\"target\":[\"https:\/\/camiliengaille.ch\/le-temeraire-2\/\"]}]},{\"@type\":\"BreadcrumbList\",\"@id\":\"https:\/\/camiliengaille.ch\/le-temeraire-2\/#breadcrumb\",\"itemListElement\":[{\"@type\":\"ListItem\",\"position\":1,\"name\":\"Accueil\",\"item\":\"https:\/\/camiliengaille.ch\/\"},{\"@type\":\"ListItem\",\"position\":2,\"name\":\"Le T\u00e9m\u00e9raire\"}]},{\"@type\":\"WebSite\",\"@id\":\"https:\/\/camiliengaille.ch\/#website\",\"url\":\"https:\/\/camiliengaille.ch\/\",\"name\":\"\",\"description\":\"\",\"potentialAction\":[{\"@type\":\"SearchAction\",\"target\":{\"@type\":\"EntryPoint\",\"urlTemplate\":\"https:\/\/camiliengaille.ch\/?s={search_term_string}\"},\"query-input\":\"required name=search_term_string\"}],\"inLanguage\":\"de\"},{\"@type\":\"Person\",\"@id\":\"https:\/\/camiliengaille.ch\/#\/schema\/person\/77e7cadb95de40f82ee929b44b409b9d\",\"name\":\"Elise Gaille\",\"image\":{\"@type\":\"ImageObject\",\"inLanguage\":\"de\",\"@id\":\"https:\/\/camiliengaille.ch\/#\/schema\/person\/image\/\",\"url\":\"https:\/\/secure.gravatar.com\/avatar\/9edbf7301d0ba3a02afd784fecf8a4f8?s=96&d=mm&r=g\",\"contentUrl\":\"https:\/\/secure.gravatar.com\/avatar\/9edbf7301d0ba3a02afd784fecf8a4f8?s=96&d=mm&r=g\",\"caption\":\"Elise Gaille\"},\"url\":\"https:\/\/camiliengaille.ch\/de\/author\/elise\/\"}]}<\/script>\n<!-- \/ Yoast SEO plugin. -->","yoast_head_json":{"title":"Le T\u00e9m\u00e9raire -","robots":{"index":"index","follow":"follow","max-snippet":"max-snippet:-1","max-image-preview":"max-image-preview:large","max-video-preview":"max-video-preview:-1"},"canonical":"https:\/\/camiliengaille.ch\/de\/le-temeraire-2\/","og_locale":"de_DE","og_type":"article","og_title":"Le T\u00e9m\u00e9raire -","og_description":"Issus d&rsquo;un assemblage de c\u00e9pages nobles (pinot noir et gamay), se rouge l\u00e9ger pr\u00e9sente une belle transparence et des ar\u00f4mes de fruits rouges. Il se marie parfaitement avec tous les mets, de l&rsquo;entr\u00e9e au dessert. Il est \u00e9galement agr\u00e9able en &hellip; Read More","og_url":"https:\/\/camiliengaille.ch\/de\/le-temeraire-2\/","article_published_time":"2019-08-11T13:52:05+00:00","author":"Elise Gaille","twitter_card":"summary_large_image","twitter_misc":{"Geschrieben von":"Elise Gaille"},"schema":{"@context":"https:\/\/schema.org","@graph":[{"@type":"WebPage","@id":"https:\/\/camiliengaille.ch\/le-temeraire-2\/","url":"https:\/\/camiliengaille.ch\/le-temeraire-2\/","name":"Le T\u00e9m\u00e9raire -","isPartOf":{"@id":"https:\/\/camiliengaille.ch\/#website"},"datePublished":"2019-08-11T13:52:05+00:00","dateModified":"2019-08-11T13:52:05+00:00","author":{"@id":"https:\/\/camiliengaille.ch\/#\/schema\/person\/77e7cadb95de40f82ee929b44b409b9d"},"breadcrumb":{"@id":"https:\/\/camiliengaille.ch\/le-temeraire-2\/#breadcrumb"},"inLanguage":"de","potentialAction":[{"@type":"ReadAction","target":["https:\/\/camiliengaille.ch\/le-temeraire-2\/"]}]},{"@type":"BreadcrumbList","@id":"https:\/\/camiliengaille.ch\/le-temeraire-2\/#breadcrumb","itemListElement":[{"@type":"ListItem","position":1,"name":"Accueil","item":"https:\/\/camiliengaille.ch\/"},{"@type":"ListItem","position":2,"name":"Le T\u00e9m\u00e9raire"}]},{"@type":"WebSite","@id":"https:\/\/camiliengaille.ch\/#website","url":"https:\/\/camiliengaille.ch\/","name":"","description":"","potentialAction":[{"@type":"SearchAction","target":{"@type":"EntryPoint","urlTemplate":"https:\/\/camiliengaille.ch\/?s={search_term_string}"},"query-input":"required name=search_term_string"}],"inLanguage":"de"},{"@type":"Person","@id":"https:\/\/camiliengaille.ch\/#\/schema\/person\/77e7cadb95de40f82ee929b44b409b9d","name":"Elise Gaille","image":{"@type":"ImageObject","inLanguage":"de","@id":"https:\/\/camiliengaille.ch\/#\/schema\/person\/image\/","url":"https:\/\/secure.gravatar.com\/avatar\/9edbf7301d0ba3a02afd784fecf8a4f8?s=96&d=mm&r=g","contentUrl":"https:\/\/secure.gravatar.com\/avatar\/9edbf7301d0ba3a02afd784fecf8a4f8?s=96&d=mm&r=g","caption":"Elise Gaille"},"url":"https:\/\/camiliengaille.ch\/de\/author\/elise\/"}]}},"_links":{"self":[{"href":"https:\/\/camiliengaille.ch\/de\/wp-json\/wp\/v2\/posts\/144","targetHints":{"allow":["GET"]}}],"collection":[{"href":"https:\/\/camiliengaille.ch\/de\/wp-json\/wp\/v2\/posts"}],"about":[{"href":"https:\/\/camiliengaille.ch\/de\/wp-json\/wp\/v2\/types\/post"}],"author":[{"embeddable":true,"href":"https:\/\/camiliengaille.ch\/de\/wp-json\/wp\/v2\/users\/3"}],"replies":[{"embeddable":true,"href":"https:\/\/camiliengaille.ch\/de\/wp-json\/wp\/v2\/comments?post=144"}],"version-history":[{"count":1,"href":"https:\/\/camiliengaille.ch\/de\/wp-json\/wp\/v2\/posts\/144\/revisions"}],"predecessor-version":[{"id":201,"href":"https:\/\/camiliengaille.ch\/de\/wp-json\/wp\/v2\/posts\/144\/revisions\/201"}],"wp:attachment":[{"href":"https:\/\/camiliengaille.ch\/de\/wp-json\/wp\/v2\/media?parent=144"}],"wp:term":[{"taxonomy":"category","embeddable":true,"href":"https:\/\/camiliengaille.ch\/de\/wp-json\/wp\/v2\/categories?post=144"},{"taxonomy":"post_tag","embeddable":true,"href":"https:\/\/camiliengaille.ch\/de\/wp-json\/wp\/v2\/tags?post=144"}],"curies":[{"name":"wp","href":"https:\/\/api.w.org\/{rel}","templated":true}]}}