{"id":148,"date":"2019-08-02T11:44:17","date_gmt":"2019-08-02T09:44:17","guid":{"rendered":"http:\/\/3c634affzx.preview.infomaniak.website\/?p=148"},"modified":"2019-08-02T11:44:17","modified_gmt":"2019-08-02T09:44:17","slug":"sur-les-chaux-en-futs","status":"publish","type":"post","link":"https:\/\/camiliengaille.ch\/de\/sur-les-chaux-en-futs\/","title":{"rendered":"Sur-les-Chaux en f\u00fbts"},"content":{"rendered":"<p>Ce pinot noir \u00e0 \u00e9t\u00e9 \u00e9lev\u00e9 pendant une ann\u00e9e en barrique. Ceci lui\napporte un ton cors\u00e9 et lui donne un bon \u00e9quilibre.<\/p>\n\n\n\n<p>Il pr\u00e9sente une robe rouge et l\u00e9g\u00e8re typique des pinots de la\nr\u00e9gion. On remarque \u00e9galement un nez aromatique ainsi qu&rsquo;une bouche franche. Il\naccompagne bien les viandes rouges, la charcuterie ainsi que les fromages.<\/p>","protected":false},"excerpt":{"rendered":"<p>Ce pinot noir \u00e0 \u00e9t\u00e9 \u00e9lev\u00e9 pendant une ann\u00e9e en barrique. Ceci lui apporte un ton cors\u00e9 et lui donne un bon \u00e9quilibre. Il pr\u00e9sente une robe rouge et l\u00e9g\u00e8re typique des pinots de la r\u00e9gion. On remarque \u00e9galement un &hellip; <\/p>\n<div class=\"read-more\"><a href=\"https:\/\/camiliengaille.ch\/de\/sur-les-chaux-en-futs\/\" class=\"more-link\">Read More<\/a><\/div>","protected":false},"author":3,"featured_media":136,"comment_status":"closed","ping_status":"closed","sticky":false,"template":"","format":"standard","meta":{"footnotes":""},"categories":[1],"tags":[],"class_list":["post-148","post","type-post","status-publish","format-standard","has-post-thumbnail","hentry","category-non-classe","entry"],"yoast_head":"<!-- This site is optimized with the Yoast SEO plugin v20.1 - https:\/\/yoast.com\/wordpress\/plugins\/seo\/ -->\n<title>Sur-les-Chaux en f\u00fbts -<\/title>\n<meta name=\"robots\" content=\"index, follow, max-snippet:-1, max-image-preview:large, max-video-preview:-1\" \/>\n<link rel=\"canonical\" href=\"https:\/\/camiliengaille.ch\/de\/sur-les-chaux-en-futs\/\" \/>\n<meta property=\"og:locale\" content=\"de_DE\" \/>\n<meta property=\"og:type\" content=\"article\" \/>\n<meta property=\"og:title\" content=\"Sur-les-Chaux en f\u00fbts -\" \/>\n<meta property=\"og:description\" content=\"Ce pinot noir \u00e0 \u00e9t\u00e9 \u00e9lev\u00e9 pendant une ann\u00e9e en barrique. Ceci lui apporte un ton cors\u00e9 et lui donne un bon \u00e9quilibre. Il pr\u00e9sente une robe rouge et l\u00e9g\u00e8re typique des pinots de la r\u00e9gion. On remarque \u00e9galement un &hellip; Read More\" \/>\n<meta property=\"og:url\" content=\"https:\/\/camiliengaille.ch\/de\/sur-les-chaux-en-futs\/\" \/>\n<meta property=\"article:published_time\" content=\"2019-08-02T09:44:17+00:00\" \/>\n<meta property=\"og:image\" content=\"https:\/\/camiliengaille.ch\/wp-content\/uploads\/2019\/07\/Sur-les-chaux-fu\u0302t-e1564738690359.jpg\" \/>\n\t<meta property=\"og:image:width\" content=\"200\" \/>\n\t<meta property=\"og:image:height\" content=\"606\" \/>\n\t<meta property=\"og:image:type\" content=\"image\/jpeg\" \/>\n<meta name=\"author\" content=\"Elise Gaille\" \/>\n<meta name=\"twitter:card\" content=\"summary_large_image\" \/>\n<meta name=\"twitter:label1\" content=\"Geschrieben von\" \/>\n\t<meta name=\"twitter:data1\" content=\"Elise Gaille\" \/>\n<script type=\"application\/ld+json\" class=\"yoast-schema-graph\">{\"@context\":\"https:\/\/schema.org\",\"@graph\":[{\"@type\":\"WebPage\",\"@id\":\"https:\/\/camiliengaille.ch\/sur-les-chaux-en-futs\/\",\"url\":\"https:\/\/camiliengaille.ch\/sur-les-chaux-en-futs\/\",\"name\":\"Sur-les-Chaux en f\u00fbts -\",\"isPartOf\":{\"@id\":\"https:\/\/camiliengaille.ch\/#website\"},\"datePublished\":\"2019-08-02T09:44:17+00:00\",\"dateModified\":\"2019-08-02T09:44:17+00:00\",\"author\":{\"@id\":\"https:\/\/camiliengaille.ch\/#\/schema\/person\/77e7cadb95de40f82ee929b44b409b9d\"},\"breadcrumb\":{\"@id\":\"https:\/\/camiliengaille.ch\/sur-les-chaux-en-futs\/#breadcrumb\"},\"inLanguage\":\"de\",\"potentialAction\":[{\"@type\":\"ReadAction\",\"target\":[\"https:\/\/camiliengaille.ch\/sur-les-chaux-en-futs\/\"]}]},{\"@type\":\"BreadcrumbList\",\"@id\":\"https:\/\/camiliengaille.ch\/sur-les-chaux-en-futs\/#breadcrumb\",\"itemListElement\":[{\"@type\":\"ListItem\",\"position\":1,\"name\":\"Accueil\",\"item\":\"https:\/\/camiliengaille.ch\/\"},{\"@type\":\"ListItem\",\"position\":2,\"name\":\"Sur-les-Chaux en f\u00fbts\"}]},{\"@type\":\"WebSite\",\"@id\":\"https:\/\/camiliengaille.ch\/#website\",\"url\":\"https:\/\/camiliengaille.ch\/\",\"name\":\"\",\"description\":\"\",\"potentialAction\":[{\"@type\":\"SearchAction\",\"target\":{\"@type\":\"EntryPoint\",\"urlTemplate\":\"https:\/\/camiliengaille.ch\/?s={search_term_string}\"},\"query-input\":\"required name=search_term_string\"}],\"inLanguage\":\"de\"},{\"@type\":\"Person\",\"@id\":\"https:\/\/camiliengaille.ch\/#\/schema\/person\/77e7cadb95de40f82ee929b44b409b9d\",\"name\":\"Elise Gaille\",\"image\":{\"@type\":\"ImageObject\",\"inLanguage\":\"de\",\"@id\":\"https:\/\/camiliengaille.ch\/#\/schema\/person\/image\/\",\"url\":\"https:\/\/secure.gravatar.com\/avatar\/9edbf7301d0ba3a02afd784fecf8a4f8?s=96&d=mm&r=g\",\"contentUrl\":\"https:\/\/secure.gravatar.com\/avatar\/9edbf7301d0ba3a02afd784fecf8a4f8?s=96&d=mm&r=g\",\"caption\":\"Elise Gaille\"},\"url\":\"https:\/\/camiliengaille.ch\/de\/author\/elise\/\"}]}<\/script>\n<!-- \/ Yoast SEO plugin. -->","yoast_head_json":{"title":"Sur-les-Chaux en f\u00fbts -","robots":{"index":"index","follow":"follow","max-snippet":"max-snippet:-1","max-image-preview":"max-image-preview:large","max-video-preview":"max-video-preview:-1"},"canonical":"https:\/\/camiliengaille.ch\/de\/sur-les-chaux-en-futs\/","og_locale":"de_DE","og_type":"article","og_title":"Sur-les-Chaux en f\u00fbts -","og_description":"Ce pinot noir \u00e0 \u00e9t\u00e9 \u00e9lev\u00e9 pendant une ann\u00e9e en barrique. Ceci lui apporte un ton cors\u00e9 et lui donne un bon \u00e9quilibre. Il pr\u00e9sente une robe rouge et l\u00e9g\u00e8re typique des pinots de la r\u00e9gion. On remarque \u00e9galement un &hellip; Read More","og_url":"https:\/\/camiliengaille.ch\/de\/sur-les-chaux-en-futs\/","article_published_time":"2019-08-02T09:44:17+00:00","og_image":[{"width":200,"height":606,"url":"https:\/\/camiliengaille.ch\/wp-content\/uploads\/2019\/07\/Sur-les-chaux-fu\u0302t-e1564738690359.jpg","type":"image\/jpeg"}],"author":"Elise Gaille","twitter_card":"summary_large_image","twitter_misc":{"Geschrieben von":"Elise Gaille"},"schema":{"@context":"https:\/\/schema.org","@graph":[{"@type":"WebPage","@id":"https:\/\/camiliengaille.ch\/sur-les-chaux-en-futs\/","url":"https:\/\/camiliengaille.ch\/sur-les-chaux-en-futs\/","name":"Sur-les-Chaux en f\u00fbts -","isPartOf":{"@id":"https:\/\/camiliengaille.ch\/#website"},"datePublished":"2019-08-02T09:44:17+00:00","dateModified":"2019-08-02T09:44:17+00:00","author":{"@id":"https:\/\/camiliengaille.ch\/#\/schema\/person\/77e7cadb95de40f82ee929b44b409b9d"},"breadcrumb":{"@id":"https:\/\/camiliengaille.ch\/sur-les-chaux-en-futs\/#breadcrumb"},"inLanguage":"de","potentialAction":[{"@type":"ReadAction","target":["https:\/\/camiliengaille.ch\/sur-les-chaux-en-futs\/"]}]},{"@type":"BreadcrumbList","@id":"https:\/\/camiliengaille.ch\/sur-les-chaux-en-futs\/#breadcrumb","itemListElement":[{"@type":"ListItem","position":1,"name":"Accueil","item":"https:\/\/camiliengaille.ch\/"},{"@type":"ListItem","position":2,"name":"Sur-les-Chaux en f\u00fbts"}]},{"@type":"WebSite","@id":"https:\/\/camiliengaille.ch\/#website","url":"https:\/\/camiliengaille.ch\/","name":"","description":"","potentialAction":[{"@type":"SearchAction","target":{"@type":"EntryPoint","urlTemplate":"https:\/\/camiliengaille.ch\/?s={search_term_string}"},"query-input":"required name=search_term_string"}],"inLanguage":"de"},{"@type":"Person","@id":"https:\/\/camiliengaille.ch\/#\/schema\/person\/77e7cadb95de40f82ee929b44b409b9d","name":"Elise Gaille","image":{"@type":"ImageObject","inLanguage":"de","@id":"https:\/\/camiliengaille.ch\/#\/schema\/person\/image\/","url":"https:\/\/secure.gravatar.com\/avatar\/9edbf7301d0ba3a02afd784fecf8a4f8?s=96&d=mm&r=g","contentUrl":"https:\/\/secure.gravatar.com\/avatar\/9edbf7301d0ba3a02afd784fecf8a4f8?s=96&d=mm&r=g","caption":"Elise Gaille"},"url":"https:\/\/camiliengaille.ch\/de\/author\/elise\/"}]}},"_links":{"self":[{"href":"https:\/\/camiliengaille.ch\/de\/wp-json\/wp\/v2\/posts\/148","targetHints":{"allow":["GET"]}}],"collection":[{"href":"https:\/\/camiliengaille.ch\/de\/wp-json\/wp\/v2\/posts"}],"about":[{"href":"https:\/\/camiliengaille.ch\/de\/wp-json\/wp\/v2\/types\/post"}],"author":[{"embeddable":true,"href":"https:\/\/camiliengaille.ch\/de\/wp-json\/wp\/v2\/users\/3"}],"replies":[{"embeddable":true,"href":"https:\/\/camiliengaille.ch\/de\/wp-json\/wp\/v2\/comments?post=148"}],"version-history":[{"count":1,"href":"https:\/\/camiliengaille.ch\/de\/wp-json\/wp\/v2\/posts\/148\/revisions"}],"predecessor-version":[{"id":149,"href":"https:\/\/camiliengaille.ch\/de\/wp-json\/wp\/v2\/posts\/148\/revisions\/149"}],"wp:featuredmedia":[{"embeddable":true,"href":"https:\/\/camiliengaille.ch\/de\/wp-json\/wp\/v2\/media\/136"}],"wp:attachment":[{"href":"https:\/\/camiliengaille.ch\/de\/wp-json\/wp\/v2\/media?parent=148"}],"wp:term":[{"taxonomy":"category","embeddable":true,"href":"https:\/\/camiliengaille.ch\/de\/wp-json\/wp\/v2\/categories?post=148"},{"taxonomy":"post_tag","embeddable":true,"href":"https:\/\/camiliengaille.ch\/de\/wp-json\/wp\/v2\/tags?post=148"}],"curies":[{"name":"wp","href":"https:\/\/api.w.org\/{rel}","templated":true}]}}