{"id":150,"date":"2019-08-02T11:44:48","date_gmt":"2019-08-02T09:44:48","guid":{"rendered":"http:\/\/3c634affzx.preview.infomaniak.website\/?p=150"},"modified":"2019-08-02T11:44:48","modified_gmt":"2019-08-02T09:44:48","slug":"les-deracines","status":"publish","type":"post","link":"https:\/\/camiliengaille.ch\/de\/les-deracines\/","title":{"rendered":"Les D\u00e9racin\u00e9s"},"content":{"rendered":"<p>Cet assemblage de Gamaret et de Garanoir est \u00e9lev\u00e9 une ann\u00e9e en\nf\u00fbt de ch\u00eane. C&rsquo;est un vin cors\u00e9 pr\u00e9sentant des ar\u00f4mes de fruits noirs. Ce vin\naccompagne parfaitement les viandes rouges ainsi que les mets de chasse. Il\nconvient \u00e9galement en fin de repas pour accompagner les fromages.<\/p>","protected":false},"excerpt":{"rendered":"<p>Cet assemblage de Gamaret et de Garanoir est \u00e9lev\u00e9 une ann\u00e9e en f\u00fbt de ch\u00eane. C&rsquo;est un vin cors\u00e9 pr\u00e9sentant des ar\u00f4mes de fruits noirs. Ce vin accompagne parfaitement les viandes rouges ainsi que les mets de chasse. Il convient &hellip; <\/p>\n<div class=\"read-more\"><a href=\"https:\/\/camiliengaille.ch\/de\/les-deracines\/\" class=\"more-link\">Read More<\/a><\/div>","protected":false},"author":3,"featured_media":129,"comment_status":"closed","ping_status":"closed","sticky":false,"template":"","format":"standard","meta":{"footnotes":""},"categories":[1],"tags":[],"class_list":["post-150","post","type-post","status-publish","format-standard","has-post-thumbnail","hentry","category-non-classe","entry"],"yoast_head":"<!-- This site is optimized with the Yoast SEO plugin v20.1 - https:\/\/yoast.com\/wordpress\/plugins\/seo\/ -->\n<title>Les D\u00e9racin\u00e9s -<\/title>\n<meta name=\"robots\" content=\"index, follow, max-snippet:-1, max-image-preview:large, max-video-preview:-1\" \/>\n<link rel=\"canonical\" href=\"https:\/\/camiliengaille.ch\/de\/les-deracines\/\" \/>\n<meta property=\"og:locale\" content=\"de_DE\" \/>\n<meta property=\"og:type\" content=\"article\" \/>\n<meta property=\"og:title\" content=\"Les D\u00e9racin\u00e9s -\" \/>\n<meta property=\"og:description\" content=\"Cet assemblage de Gamaret et de Garanoir est \u00e9lev\u00e9 une ann\u00e9e en f\u00fbt de ch\u00eane. C&rsquo;est un vin cors\u00e9 pr\u00e9sentant des ar\u00f4mes de fruits noirs. Ce vin accompagne parfaitement les viandes rouges ainsi que les mets de chasse. Il convient &hellip; Read More\" \/>\n<meta property=\"og:url\" content=\"https:\/\/camiliengaille.ch\/de\/les-deracines\/\" \/>\n<meta property=\"article:published_time\" content=\"2019-08-02T09:44:48+00:00\" \/>\n<meta property=\"og:image\" content=\"https:\/\/camiliengaille.ch\/wp-content\/uploads\/2019\/07\/Les-de\u0301racine\u0301s-e1564738734301.jpg\" \/>\n\t<meta property=\"og:image:width\" content=\"200\" \/>\n\t<meta property=\"og:image:height\" content=\"553\" \/>\n\t<meta property=\"og:image:type\" content=\"image\/jpeg\" \/>\n<meta name=\"author\" content=\"Elise Gaille\" \/>\n<meta name=\"twitter:card\" content=\"summary_large_image\" \/>\n<meta name=\"twitter:label1\" content=\"Geschrieben von\" \/>\n\t<meta name=\"twitter:data1\" content=\"Elise Gaille\" \/>\n<script type=\"application\/ld+json\" class=\"yoast-schema-graph\">{\"@context\":\"https:\/\/schema.org\",\"@graph\":[{\"@type\":\"WebPage\",\"@id\":\"https:\/\/camiliengaille.ch\/les-deracines\/\",\"url\":\"https:\/\/camiliengaille.ch\/les-deracines\/\",\"name\":\"Les D\u00e9racin\u00e9s -\",\"isPartOf\":{\"@id\":\"https:\/\/camiliengaille.ch\/#website\"},\"datePublished\":\"2019-08-02T09:44:48+00:00\",\"dateModified\":\"2019-08-02T09:44:48+00:00\",\"author\":{\"@id\":\"https:\/\/camiliengaille.ch\/#\/schema\/person\/77e7cadb95de40f82ee929b44b409b9d\"},\"breadcrumb\":{\"@id\":\"https:\/\/camiliengaille.ch\/les-deracines\/#breadcrumb\"},\"inLanguage\":\"de\",\"potentialAction\":[{\"@type\":\"ReadAction\",\"target\":[\"https:\/\/camiliengaille.ch\/les-deracines\/\"]}]},{\"@type\":\"BreadcrumbList\",\"@id\":\"https:\/\/camiliengaille.ch\/les-deracines\/#breadcrumb\",\"itemListElement\":[{\"@type\":\"ListItem\",\"position\":1,\"name\":\"Accueil\",\"item\":\"https:\/\/camiliengaille.ch\/\"},{\"@type\":\"ListItem\",\"position\":2,\"name\":\"Les D\u00e9racin\u00e9s\"}]},{\"@type\":\"WebSite\",\"@id\":\"https:\/\/camiliengaille.ch\/#website\",\"url\":\"https:\/\/camiliengaille.ch\/\",\"name\":\"\",\"description\":\"\",\"potentialAction\":[{\"@type\":\"SearchAction\",\"target\":{\"@type\":\"EntryPoint\",\"urlTemplate\":\"https:\/\/camiliengaille.ch\/?s={search_term_string}\"},\"query-input\":\"required name=search_term_string\"}],\"inLanguage\":\"de\"},{\"@type\":\"Person\",\"@id\":\"https:\/\/camiliengaille.ch\/#\/schema\/person\/77e7cadb95de40f82ee929b44b409b9d\",\"name\":\"Elise Gaille\",\"image\":{\"@type\":\"ImageObject\",\"inLanguage\":\"de\",\"@id\":\"https:\/\/camiliengaille.ch\/#\/schema\/person\/image\/\",\"url\":\"https:\/\/secure.gravatar.com\/avatar\/9edbf7301d0ba3a02afd784fecf8a4f8?s=96&d=mm&r=g\",\"contentUrl\":\"https:\/\/secure.gravatar.com\/avatar\/9edbf7301d0ba3a02afd784fecf8a4f8?s=96&d=mm&r=g\",\"caption\":\"Elise Gaille\"},\"url\":\"https:\/\/camiliengaille.ch\/de\/author\/elise\/\"}]}<\/script>\n<!-- \/ Yoast SEO plugin. -->","yoast_head_json":{"title":"Les D\u00e9racin\u00e9s -","robots":{"index":"index","follow":"follow","max-snippet":"max-snippet:-1","max-image-preview":"max-image-preview:large","max-video-preview":"max-video-preview:-1"},"canonical":"https:\/\/camiliengaille.ch\/de\/les-deracines\/","og_locale":"de_DE","og_type":"article","og_title":"Les D\u00e9racin\u00e9s -","og_description":"Cet assemblage de Gamaret et de Garanoir est \u00e9lev\u00e9 une ann\u00e9e en f\u00fbt de ch\u00eane. C&rsquo;est un vin cors\u00e9 pr\u00e9sentant des ar\u00f4mes de fruits noirs. Ce vin accompagne parfaitement les viandes rouges ainsi que les mets de chasse. Il convient &hellip; Read More","og_url":"https:\/\/camiliengaille.ch\/de\/les-deracines\/","article_published_time":"2019-08-02T09:44:48+00:00","og_image":[{"width":200,"height":553,"url":"https:\/\/camiliengaille.ch\/wp-content\/uploads\/2019\/07\/Les-de\u0301racine\u0301s-e1564738734301.jpg","type":"image\/jpeg"}],"author":"Elise Gaille","twitter_card":"summary_large_image","twitter_misc":{"Geschrieben von":"Elise Gaille"},"schema":{"@context":"https:\/\/schema.org","@graph":[{"@type":"WebPage","@id":"https:\/\/camiliengaille.ch\/les-deracines\/","url":"https:\/\/camiliengaille.ch\/les-deracines\/","name":"Les D\u00e9racin\u00e9s -","isPartOf":{"@id":"https:\/\/camiliengaille.ch\/#website"},"datePublished":"2019-08-02T09:44:48+00:00","dateModified":"2019-08-02T09:44:48+00:00","author":{"@id":"https:\/\/camiliengaille.ch\/#\/schema\/person\/77e7cadb95de40f82ee929b44b409b9d"},"breadcrumb":{"@id":"https:\/\/camiliengaille.ch\/les-deracines\/#breadcrumb"},"inLanguage":"de","potentialAction":[{"@type":"ReadAction","target":["https:\/\/camiliengaille.ch\/les-deracines\/"]}]},{"@type":"BreadcrumbList","@id":"https:\/\/camiliengaille.ch\/les-deracines\/#breadcrumb","itemListElement":[{"@type":"ListItem","position":1,"name":"Accueil","item":"https:\/\/camiliengaille.ch\/"},{"@type":"ListItem","position":2,"name":"Les D\u00e9racin\u00e9s"}]},{"@type":"WebSite","@id":"https:\/\/camiliengaille.ch\/#website","url":"https:\/\/camiliengaille.ch\/","name":"","description":"","potentialAction":[{"@type":"SearchAction","target":{"@type":"EntryPoint","urlTemplate":"https:\/\/camiliengaille.ch\/?s={search_term_string}"},"query-input":"required name=search_term_string"}],"inLanguage":"de"},{"@type":"Person","@id":"https:\/\/camiliengaille.ch\/#\/schema\/person\/77e7cadb95de40f82ee929b44b409b9d","name":"Elise Gaille","image":{"@type":"ImageObject","inLanguage":"de","@id":"https:\/\/camiliengaille.ch\/#\/schema\/person\/image\/","url":"https:\/\/secure.gravatar.com\/avatar\/9edbf7301d0ba3a02afd784fecf8a4f8?s=96&d=mm&r=g","contentUrl":"https:\/\/secure.gravatar.com\/avatar\/9edbf7301d0ba3a02afd784fecf8a4f8?s=96&d=mm&r=g","caption":"Elise Gaille"},"url":"https:\/\/camiliengaille.ch\/de\/author\/elise\/"}]}},"_links":{"self":[{"href":"https:\/\/camiliengaille.ch\/de\/wp-json\/wp\/v2\/posts\/150","targetHints":{"allow":["GET"]}}],"collection":[{"href":"https:\/\/camiliengaille.ch\/de\/wp-json\/wp\/v2\/posts"}],"about":[{"href":"https:\/\/camiliengaille.ch\/de\/wp-json\/wp\/v2\/types\/post"}],"author":[{"embeddable":true,"href":"https:\/\/camiliengaille.ch\/de\/wp-json\/wp\/v2\/users\/3"}],"replies":[{"embeddable":true,"href":"https:\/\/camiliengaille.ch\/de\/wp-json\/wp\/v2\/comments?post=150"}],"version-history":[{"count":1,"href":"https:\/\/camiliengaille.ch\/de\/wp-json\/wp\/v2\/posts\/150\/revisions"}],"predecessor-version":[{"id":151,"href":"https:\/\/camiliengaille.ch\/de\/wp-json\/wp\/v2\/posts\/150\/revisions\/151"}],"wp:featuredmedia":[{"embeddable":true,"href":"https:\/\/camiliengaille.ch\/de\/wp-json\/wp\/v2\/media\/129"}],"wp:attachment":[{"href":"https:\/\/camiliengaille.ch\/de\/wp-json\/wp\/v2\/media?parent=150"}],"wp:term":[{"taxonomy":"category","embeddable":true,"href":"https:\/\/camiliengaille.ch\/de\/wp-json\/wp\/v2\/categories?post=150"},{"taxonomy":"post_tag","embeddable":true,"href":"https:\/\/camiliengaille.ch\/de\/wp-json\/wp\/v2\/tags?post=150"}],"curies":[{"name":"wp","href":"https:\/\/api.w.org\/{rel}","templated":true}]}}