{"id":152,"date":"2019-08-02T11:45:17","date_gmt":"2019-08-02T09:45:17","guid":{"rendered":"http:\/\/3c634affzx.preview.infomaniak.website\/?p=152"},"modified":"2019-08-02T11:45:17","modified_gmt":"2019-08-02T09:45:17","slug":"ros-solis","status":"publish","type":"post","link":"https:\/\/camiliengaille.ch\/de\/ros-solis\/","title":{"rendered":"Ros Solis"},"content":{"rendered":"<p>Ce vin est un assemblage de cabernet et de merlot \u00e9lev\u00e9 une ann\u00e9e\nen f\u00fbt de ch\u00eane. Ces deux c\u00e9pages \u00e9tant plus courant dans les pays du sud, il\ndemandent une attention plus particuli\u00e8re dans notre r\u00e9gion septentrionale.<\/p>\n\n\n\n<p>Cet assemblage donne un vin de caract\u00e8re pr\u00e9sentant un nez fruit\u00e9\net intense. Il se marie parfaitement avec les viandes rouges.<\/p>","protected":false},"excerpt":{"rendered":"<p>Ce vin est un assemblage de cabernet et de merlot \u00e9lev\u00e9 une ann\u00e9e en f\u00fbt de ch\u00eane. Ces deux c\u00e9pages \u00e9tant plus courant dans les pays du sud, il demandent une attention plus particuli\u00e8re dans notre r\u00e9gion septentrionale. Cet assemblage &hellip; <\/p>\n<div class=\"read-more\"><a href=\"https:\/\/camiliengaille.ch\/de\/ros-solis\/\" class=\"more-link\">Read More<\/a><\/div>","protected":false},"author":3,"featured_media":135,"comment_status":"closed","ping_status":"closed","sticky":false,"template":"","format":"standard","meta":{"footnotes":""},"categories":[1],"tags":[],"class_list":["post-152","post","type-post","status-publish","format-standard","has-post-thumbnail","hentry","category-non-classe","entry"],"yoast_head":"<!-- This site is optimized with the Yoast SEO plugin v20.1 - https:\/\/yoast.com\/wordpress\/plugins\/seo\/ -->\n<title>Ros Solis -<\/title>\n<meta name=\"robots\" content=\"index, follow, max-snippet:-1, max-image-preview:large, max-video-preview:-1\" \/>\n<link rel=\"canonical\" href=\"https:\/\/camiliengaille.ch\/de\/ros-solis\/\" \/>\n<meta property=\"og:locale\" content=\"de_DE\" \/>\n<meta property=\"og:type\" content=\"article\" \/>\n<meta property=\"og:title\" content=\"Ros Solis -\" \/>\n<meta property=\"og:description\" content=\"Ce vin est un assemblage de cabernet et de merlot \u00e9lev\u00e9 une ann\u00e9e en f\u00fbt de ch\u00eane. Ces deux c\u00e9pages \u00e9tant plus courant dans les pays du sud, il demandent une attention plus particuli\u00e8re dans notre r\u00e9gion septentrionale. Cet assemblage &hellip; Read More\" \/>\n<meta property=\"og:url\" content=\"https:\/\/camiliengaille.ch\/de\/ros-solis\/\" \/>\n<meta property=\"article:published_time\" content=\"2019-08-02T09:45:17+00:00\" \/>\n<meta property=\"og:image\" content=\"https:\/\/camiliengaille.ch\/wp-content\/uploads\/2019\/07\/ros-solis-e1564738697607.jpg\" \/>\n\t<meta property=\"og:image:width\" content=\"200\" \/>\n\t<meta property=\"og:image:height\" content=\"577\" \/>\n\t<meta property=\"og:image:type\" content=\"image\/jpeg\" \/>\n<meta name=\"author\" content=\"Elise Gaille\" \/>\n<meta name=\"twitter:card\" content=\"summary_large_image\" \/>\n<meta name=\"twitter:label1\" content=\"Geschrieben von\" \/>\n\t<meta name=\"twitter:data1\" content=\"Elise Gaille\" \/>\n<script type=\"application\/ld+json\" class=\"yoast-schema-graph\">{\"@context\":\"https:\/\/schema.org\",\"@graph\":[{\"@type\":\"WebPage\",\"@id\":\"https:\/\/camiliengaille.ch\/ros-solis\/\",\"url\":\"https:\/\/camiliengaille.ch\/ros-solis\/\",\"name\":\"Ros Solis -\",\"isPartOf\":{\"@id\":\"https:\/\/camiliengaille.ch\/#website\"},\"datePublished\":\"2019-08-02T09:45:17+00:00\",\"dateModified\":\"2019-08-02T09:45:17+00:00\",\"author\":{\"@id\":\"https:\/\/camiliengaille.ch\/#\/schema\/person\/77e7cadb95de40f82ee929b44b409b9d\"},\"breadcrumb\":{\"@id\":\"https:\/\/camiliengaille.ch\/ros-solis\/#breadcrumb\"},\"inLanguage\":\"de\",\"potentialAction\":[{\"@type\":\"ReadAction\",\"target\":[\"https:\/\/camiliengaille.ch\/ros-solis\/\"]}]},{\"@type\":\"BreadcrumbList\",\"@id\":\"https:\/\/camiliengaille.ch\/ros-solis\/#breadcrumb\",\"itemListElement\":[{\"@type\":\"ListItem\",\"position\":1,\"name\":\"Accueil\",\"item\":\"https:\/\/camiliengaille.ch\/\"},{\"@type\":\"ListItem\",\"position\":2,\"name\":\"Ros Solis\"}]},{\"@type\":\"WebSite\",\"@id\":\"https:\/\/camiliengaille.ch\/#website\",\"url\":\"https:\/\/camiliengaille.ch\/\",\"name\":\"\",\"description\":\"\",\"potentialAction\":[{\"@type\":\"SearchAction\",\"target\":{\"@type\":\"EntryPoint\",\"urlTemplate\":\"https:\/\/camiliengaille.ch\/?s={search_term_string}\"},\"query-input\":\"required name=search_term_string\"}],\"inLanguage\":\"de\"},{\"@type\":\"Person\",\"@id\":\"https:\/\/camiliengaille.ch\/#\/schema\/person\/77e7cadb95de40f82ee929b44b409b9d\",\"name\":\"Elise Gaille\",\"image\":{\"@type\":\"ImageObject\",\"inLanguage\":\"de\",\"@id\":\"https:\/\/camiliengaille.ch\/#\/schema\/person\/image\/\",\"url\":\"https:\/\/secure.gravatar.com\/avatar\/9edbf7301d0ba3a02afd784fecf8a4f8?s=96&d=mm&r=g\",\"contentUrl\":\"https:\/\/secure.gravatar.com\/avatar\/9edbf7301d0ba3a02afd784fecf8a4f8?s=96&d=mm&r=g\",\"caption\":\"Elise Gaille\"},\"url\":\"https:\/\/camiliengaille.ch\/de\/author\/elise\/\"}]}<\/script>\n<!-- \/ Yoast SEO plugin. -->","yoast_head_json":{"title":"Ros Solis -","robots":{"index":"index","follow":"follow","max-snippet":"max-snippet:-1","max-image-preview":"max-image-preview:large","max-video-preview":"max-video-preview:-1"},"canonical":"https:\/\/camiliengaille.ch\/de\/ros-solis\/","og_locale":"de_DE","og_type":"article","og_title":"Ros Solis -","og_description":"Ce vin est un assemblage de cabernet et de merlot \u00e9lev\u00e9 une ann\u00e9e en f\u00fbt de ch\u00eane. Ces deux c\u00e9pages \u00e9tant plus courant dans les pays du sud, il demandent une attention plus particuli\u00e8re dans notre r\u00e9gion septentrionale. Cet assemblage &hellip; Read More","og_url":"https:\/\/camiliengaille.ch\/de\/ros-solis\/","article_published_time":"2019-08-02T09:45:17+00:00","og_image":[{"width":200,"height":577,"url":"https:\/\/camiliengaille.ch\/wp-content\/uploads\/2019\/07\/ros-solis-e1564738697607.jpg","type":"image\/jpeg"}],"author":"Elise Gaille","twitter_card":"summary_large_image","twitter_misc":{"Geschrieben von":"Elise Gaille"},"schema":{"@context":"https:\/\/schema.org","@graph":[{"@type":"WebPage","@id":"https:\/\/camiliengaille.ch\/ros-solis\/","url":"https:\/\/camiliengaille.ch\/ros-solis\/","name":"Ros Solis -","isPartOf":{"@id":"https:\/\/camiliengaille.ch\/#website"},"datePublished":"2019-08-02T09:45:17+00:00","dateModified":"2019-08-02T09:45:17+00:00","author":{"@id":"https:\/\/camiliengaille.ch\/#\/schema\/person\/77e7cadb95de40f82ee929b44b409b9d"},"breadcrumb":{"@id":"https:\/\/camiliengaille.ch\/ros-solis\/#breadcrumb"},"inLanguage":"de","potentialAction":[{"@type":"ReadAction","target":["https:\/\/camiliengaille.ch\/ros-solis\/"]}]},{"@type":"BreadcrumbList","@id":"https:\/\/camiliengaille.ch\/ros-solis\/#breadcrumb","itemListElement":[{"@type":"ListItem","position":1,"name":"Accueil","item":"https:\/\/camiliengaille.ch\/"},{"@type":"ListItem","position":2,"name":"Ros Solis"}]},{"@type":"WebSite","@id":"https:\/\/camiliengaille.ch\/#website","url":"https:\/\/camiliengaille.ch\/","name":"","description":"","potentialAction":[{"@type":"SearchAction","target":{"@type":"EntryPoint","urlTemplate":"https:\/\/camiliengaille.ch\/?s={search_term_string}"},"query-input":"required name=search_term_string"}],"inLanguage":"de"},{"@type":"Person","@id":"https:\/\/camiliengaille.ch\/#\/schema\/person\/77e7cadb95de40f82ee929b44b409b9d","name":"Elise Gaille","image":{"@type":"ImageObject","inLanguage":"de","@id":"https:\/\/camiliengaille.ch\/#\/schema\/person\/image\/","url":"https:\/\/secure.gravatar.com\/avatar\/9edbf7301d0ba3a02afd784fecf8a4f8?s=96&d=mm&r=g","contentUrl":"https:\/\/secure.gravatar.com\/avatar\/9edbf7301d0ba3a02afd784fecf8a4f8?s=96&d=mm&r=g","caption":"Elise Gaille"},"url":"https:\/\/camiliengaille.ch\/de\/author\/elise\/"}]}},"_links":{"self":[{"href":"https:\/\/camiliengaille.ch\/de\/wp-json\/wp\/v2\/posts\/152","targetHints":{"allow":["GET"]}}],"collection":[{"href":"https:\/\/camiliengaille.ch\/de\/wp-json\/wp\/v2\/posts"}],"about":[{"href":"https:\/\/camiliengaille.ch\/de\/wp-json\/wp\/v2\/types\/post"}],"author":[{"embeddable":true,"href":"https:\/\/camiliengaille.ch\/de\/wp-json\/wp\/v2\/users\/3"}],"replies":[{"embeddable":true,"href":"https:\/\/camiliengaille.ch\/de\/wp-json\/wp\/v2\/comments?post=152"}],"version-history":[{"count":1,"href":"https:\/\/camiliengaille.ch\/de\/wp-json\/wp\/v2\/posts\/152\/revisions"}],"predecessor-version":[{"id":153,"href":"https:\/\/camiliengaille.ch\/de\/wp-json\/wp\/v2\/posts\/152\/revisions\/153"}],"wp:featuredmedia":[{"embeddable":true,"href":"https:\/\/camiliengaille.ch\/de\/wp-json\/wp\/v2\/media\/135"}],"wp:attachment":[{"href":"https:\/\/camiliengaille.ch\/de\/wp-json\/wp\/v2\/media?parent=152"}],"wp:term":[{"taxonomy":"category","embeddable":true,"href":"https:\/\/camiliengaille.ch\/de\/wp-json\/wp\/v2\/categories?post=152"},{"taxonomy":"post_tag","embeddable":true,"href":"https:\/\/camiliengaille.ch\/de\/wp-json\/wp\/v2\/tags?post=152"}],"curies":[{"name":"wp","href":"https:\/\/api.w.org\/{rel}","templated":true}]}}