{"id":8,"date":"2019-07-19T15:17:45","date_gmt":"2019-07-19T13:17:45","guid":{"rendered":"http:\/\/3c634affzx.preview.infomaniak.website\/?p=8"},"modified":"2019-08-02T11:42:40","modified_gmt":"2019-08-02T09:42:40","slug":"nos-differents-vins","status":"publish","type":"post","link":"https:\/\/camiliengaille.ch\/de\/nos-differents-vins\/","title":{"rendered":"La Brant\u00e9e"},"content":{"rendered":"<p>Vin\nde chasselas qui se caract\u00e9rise par des ar\u00f4mes fruit\u00e9s soutenus d&rsquo;une l\u00e9g\u00e8re\nacidit\u00e9 bien \u00e9quilibr\u00e9e. Il est marqu\u00e9 par un l\u00e9ger terroir.<\/p>\n\n\n\n<p>Vous\napppr\u00e9cierez sa fra\u00eecheur et sa d\u00e9licatesse pour l\u2019ap\u00e9ritif mais aussi pour accompagner\nles poissons du lac, la fondue ou la raclette.<\/p>","protected":false},"excerpt":{"rendered":"<p>Vin de chasselas qui se caract\u00e9rise par des ar\u00f4mes fruit\u00e9s soutenus d&rsquo;une l\u00e9g\u00e8re acidit\u00e9 bien \u00e9quilibr\u00e9e. Il est marqu\u00e9 par un l\u00e9ger terroir. Vous apppr\u00e9cierez sa fra\u00eecheur et sa d\u00e9licatesse pour l\u2019ap\u00e9ritif mais aussi pour accompagner les poissons du lac, &hellip; <\/p>\n<div class=\"read-more\"><a href=\"https:\/\/camiliengaille.ch\/de\/nos-differents-vins\/\" class=\"more-link\">Read More<\/a><\/div>","protected":false},"author":3,"featured_media":125,"comment_status":"closed","ping_status":"closed","sticky":false,"template":"","format":"standard","meta":{"footnotes":""},"categories":[4,2],"tags":[],"class_list":["post-8","post","type-post","status-publish","format-standard","has-post-thumbnail","hentry","category-blancs","category-nos-vins","entry"],"yoast_head":"<!-- This site is optimized with the Yoast SEO plugin v20.1 - https:\/\/yoast.com\/wordpress\/plugins\/seo\/ -->\n<title>La Brant\u00e9e -<\/title>\n<meta name=\"robots\" content=\"index, follow, max-snippet:-1, max-image-preview:large, max-video-preview:-1\" \/>\n<link rel=\"canonical\" href=\"https:\/\/camiliengaille.ch\/de\/nos-differents-vins\/\" \/>\n<meta property=\"og:locale\" content=\"de_DE\" \/>\n<meta property=\"og:type\" content=\"article\" \/>\n<meta property=\"og:title\" content=\"La Brant\u00e9e -\" \/>\n<meta property=\"og:description\" content=\"Vin de chasselas qui se caract\u00e9rise par des ar\u00f4mes fruit\u00e9s soutenus d&rsquo;une l\u00e9g\u00e8re acidit\u00e9 bien \u00e9quilibr\u00e9e. Il est marqu\u00e9 par un l\u00e9ger terroir. Vous apppr\u00e9cierez sa fra\u00eecheur et sa d\u00e9licatesse pour l\u2019ap\u00e9ritif mais aussi pour accompagner les poissons du lac, &hellip; Read More\" \/>\n<meta property=\"og:url\" content=\"https:\/\/camiliengaille.ch\/de\/nos-differents-vins\/\" \/>\n<meta property=\"article:published_time\" content=\"2019-07-19T13:17:45+00:00\" \/>\n<meta property=\"article:modified_time\" content=\"2019-08-02T09:42:40+00:00\" \/>\n<meta property=\"og:image\" content=\"https:\/\/camiliengaille.ch\/wp-content\/uploads\/2019\/07\/La-brante\u0301e-1-e1564738755379.jpg\" \/>\n\t<meta property=\"og:image:width\" content=\"200\" \/>\n\t<meta property=\"og:image:height\" content=\"597\" \/>\n\t<meta property=\"og:image:type\" content=\"image\/jpeg\" \/>\n<meta name=\"author\" content=\"Elise Gaille\" \/>\n<meta name=\"twitter:card\" content=\"summary_large_image\" \/>\n<meta name=\"twitter:label1\" content=\"Geschrieben von\" \/>\n\t<meta name=\"twitter:data1\" content=\"Elise Gaille\" \/>\n<script type=\"application\/ld+json\" class=\"yoast-schema-graph\">{\"@context\":\"https:\/\/schema.org\",\"@graph\":[{\"@type\":\"WebPage\",\"@id\":\"https:\/\/camiliengaille.ch\/nos-differents-vins\/\",\"url\":\"https:\/\/camiliengaille.ch\/nos-differents-vins\/\",\"name\":\"La Brant\u00e9e -\",\"isPartOf\":{\"@id\":\"https:\/\/camiliengaille.ch\/#website\"},\"datePublished\":\"2019-07-19T13:17:45+00:00\",\"dateModified\":\"2019-08-02T09:42:40+00:00\",\"author\":{\"@id\":\"https:\/\/camiliengaille.ch\/#\/schema\/person\/77e7cadb95de40f82ee929b44b409b9d\"},\"breadcrumb\":{\"@id\":\"https:\/\/camiliengaille.ch\/nos-differents-vins\/#breadcrumb\"},\"inLanguage\":\"de\",\"potentialAction\":[{\"@type\":\"ReadAction\",\"target\":[\"https:\/\/camiliengaille.ch\/nos-differents-vins\/\"]}]},{\"@type\":\"BreadcrumbList\",\"@id\":\"https:\/\/camiliengaille.ch\/nos-differents-vins\/#breadcrumb\",\"itemListElement\":[{\"@type\":\"ListItem\",\"position\":1,\"name\":\"Accueil\",\"item\":\"https:\/\/camiliengaille.ch\/\"},{\"@type\":\"ListItem\",\"position\":2,\"name\":\"La Brant\u00e9e\"}]},{\"@type\":\"WebSite\",\"@id\":\"https:\/\/camiliengaille.ch\/#website\",\"url\":\"https:\/\/camiliengaille.ch\/\",\"name\":\"\",\"description\":\"\",\"potentialAction\":[{\"@type\":\"SearchAction\",\"target\":{\"@type\":\"EntryPoint\",\"urlTemplate\":\"https:\/\/camiliengaille.ch\/?s={search_term_string}\"},\"query-input\":\"required name=search_term_string\"}],\"inLanguage\":\"de\"},{\"@type\":\"Person\",\"@id\":\"https:\/\/camiliengaille.ch\/#\/schema\/person\/77e7cadb95de40f82ee929b44b409b9d\",\"name\":\"Elise Gaille\",\"image\":{\"@type\":\"ImageObject\",\"inLanguage\":\"de\",\"@id\":\"https:\/\/camiliengaille.ch\/#\/schema\/person\/image\/\",\"url\":\"https:\/\/secure.gravatar.com\/avatar\/9edbf7301d0ba3a02afd784fecf8a4f8?s=96&d=mm&r=g\",\"contentUrl\":\"https:\/\/secure.gravatar.com\/avatar\/9edbf7301d0ba3a02afd784fecf8a4f8?s=96&d=mm&r=g\",\"caption\":\"Elise Gaille\"},\"url\":\"https:\/\/camiliengaille.ch\/de\/author\/elise\/\"}]}<\/script>\n<!-- \/ Yoast SEO plugin. -->","yoast_head_json":{"title":"La Brant\u00e9e -","robots":{"index":"index","follow":"follow","max-snippet":"max-snippet:-1","max-image-preview":"max-image-preview:large","max-video-preview":"max-video-preview:-1"},"canonical":"https:\/\/camiliengaille.ch\/de\/nos-differents-vins\/","og_locale":"de_DE","og_type":"article","og_title":"La Brant\u00e9e -","og_description":"Vin de chasselas qui se caract\u00e9rise par des ar\u00f4mes fruit\u00e9s soutenus d&rsquo;une l\u00e9g\u00e8re acidit\u00e9 bien \u00e9quilibr\u00e9e. Il est marqu\u00e9 par un l\u00e9ger terroir. Vous apppr\u00e9cierez sa fra\u00eecheur et sa d\u00e9licatesse pour l\u2019ap\u00e9ritif mais aussi pour accompagner les poissons du lac, &hellip; Read More","og_url":"https:\/\/camiliengaille.ch\/de\/nos-differents-vins\/","article_published_time":"2019-07-19T13:17:45+00:00","article_modified_time":"2019-08-02T09:42:40+00:00","og_image":[{"width":200,"height":597,"url":"https:\/\/camiliengaille.ch\/wp-content\/uploads\/2019\/07\/La-brante\u0301e-1-e1564738755379.jpg","type":"image\/jpeg"}],"author":"Elise Gaille","twitter_card":"summary_large_image","twitter_misc":{"Geschrieben von":"Elise Gaille"},"schema":{"@context":"https:\/\/schema.org","@graph":[{"@type":"WebPage","@id":"https:\/\/camiliengaille.ch\/nos-differents-vins\/","url":"https:\/\/camiliengaille.ch\/nos-differents-vins\/","name":"La Brant\u00e9e -","isPartOf":{"@id":"https:\/\/camiliengaille.ch\/#website"},"datePublished":"2019-07-19T13:17:45+00:00","dateModified":"2019-08-02T09:42:40+00:00","author":{"@id":"https:\/\/camiliengaille.ch\/#\/schema\/person\/77e7cadb95de40f82ee929b44b409b9d"},"breadcrumb":{"@id":"https:\/\/camiliengaille.ch\/nos-differents-vins\/#breadcrumb"},"inLanguage":"de","potentialAction":[{"@type":"ReadAction","target":["https:\/\/camiliengaille.ch\/nos-differents-vins\/"]}]},{"@type":"BreadcrumbList","@id":"https:\/\/camiliengaille.ch\/nos-differents-vins\/#breadcrumb","itemListElement":[{"@type":"ListItem","position":1,"name":"Accueil","item":"https:\/\/camiliengaille.ch\/"},{"@type":"ListItem","position":2,"name":"La Brant\u00e9e"}]},{"@type":"WebSite","@id":"https:\/\/camiliengaille.ch\/#website","url":"https:\/\/camiliengaille.ch\/","name":"","description":"","potentialAction":[{"@type":"SearchAction","target":{"@type":"EntryPoint","urlTemplate":"https:\/\/camiliengaille.ch\/?s={search_term_string}"},"query-input":"required name=search_term_string"}],"inLanguage":"de"},{"@type":"Person","@id":"https:\/\/camiliengaille.ch\/#\/schema\/person\/77e7cadb95de40f82ee929b44b409b9d","name":"Elise Gaille","image":{"@type":"ImageObject","inLanguage":"de","@id":"https:\/\/camiliengaille.ch\/#\/schema\/person\/image\/","url":"https:\/\/secure.gravatar.com\/avatar\/9edbf7301d0ba3a02afd784fecf8a4f8?s=96&d=mm&r=g","contentUrl":"https:\/\/secure.gravatar.com\/avatar\/9edbf7301d0ba3a02afd784fecf8a4f8?s=96&d=mm&r=g","caption":"Elise Gaille"},"url":"https:\/\/camiliengaille.ch\/de\/author\/elise\/"}]}},"_links":{"self":[{"href":"https:\/\/camiliengaille.ch\/de\/wp-json\/wp\/v2\/posts\/8","targetHints":{"allow":["GET"]}}],"collection":[{"href":"https:\/\/camiliengaille.ch\/de\/wp-json\/wp\/v2\/posts"}],"about":[{"href":"https:\/\/camiliengaille.ch\/de\/wp-json\/wp\/v2\/types\/post"}],"author":[{"embeddable":true,"href":"https:\/\/camiliengaille.ch\/de\/wp-json\/wp\/v2\/users\/3"}],"replies":[{"embeddable":true,"href":"https:\/\/camiliengaille.ch\/de\/wp-json\/wp\/v2\/comments?post=8"}],"version-history":[{"count":2,"href":"https:\/\/camiliengaille.ch\/de\/wp-json\/wp\/v2\/posts\/8\/revisions"}],"predecessor-version":[{"id":20,"href":"https:\/\/camiliengaille.ch\/de\/wp-json\/wp\/v2\/posts\/8\/revisions\/20"}],"wp:featuredmedia":[{"embeddable":true,"href":"https:\/\/camiliengaille.ch\/de\/wp-json\/wp\/v2\/media\/125"}],"wp:attachment":[{"href":"https:\/\/camiliengaille.ch\/de\/wp-json\/wp\/v2\/media?parent=8"}],"wp:term":[{"taxonomy":"category","embeddable":true,"href":"https:\/\/camiliengaille.ch\/de\/wp-json\/wp\/v2\/categories?post=8"},{"taxonomy":"post_tag","embeddable":true,"href":"https:\/\/camiliengaille.ch\/de\/wp-json\/wp\/v2\/tags?post=8"}],"curies":[{"name":"wp","href":"https:\/\/api.w.org\/{rel}","templated":true}]}}